{"id":14084,"date":"2025-03-04T14:05:32","date_gmt":"2025-03-04T11:05:32","guid":{"rendered":"https:\/\/worknhuman.com\/?p=14084"},"modified":"2025-03-04T14:13:36","modified_gmt":"2025-03-04T11:13:36","slug":"hastalik-sureci-ve-is-hayatina-donus","status":"publish","type":"post","link":"https:\/\/worknhuman.com\/en\/hastalik-sureci-ve-is-hayatina-donus\/","title":{"rendered":"Hastal\u0131k S\u00fcreci ve \u0130\u015f Hayat\u0131na D\u00f6n\u00fc\u015f"},"content":{"rendered":"<h2 class=\"wp-block-heading\">Hastal\u0131k S\u00fcreci ve \u0130\u015f Hayat\u0131na D\u00f6n\u00fc\u015f: Bireysel ve Kurumsal Perspektifler<\/h2>\n\n\n\n<p>Is hayati, bireyin kimli\u011finin ve g\u00fcnl\u00fck rutinlerinin ayr\u0131lmaz bir par\u00e7as\u0131d\u0131r. Ancak beklenmedik bir hastal\u0131k, bu d\u00fczeni aniden kesintiye u\u011fratabilir. Fiziksel etkilerinin yani s\u0131ra, hastal\u0131k s\u00fcreci psikolojik ve duygusal olarak da derin izler b\u0131rakabilir. \u0130\u015ften uzak kalmak, bireyin \u00fcretkenlik hissini, sosyal ba\u011flar\u0131n\u0131 ve hatta \u00f6zg\u00fcvenini etkileyebilir. Bu yaz\u0131, hastal\u0131k s\u00fcrecinde ya\u015fanan psikolojik zorluklar\u0131 ele alarak, bireylerin bu s\u00fcreci daha sa\u011fl\u0131kl\u0131 y\u00f6netmesine yard\u0131mc\u0131 olmay\u0131 ama\u00e7lamaktad\u0131r. Ayni zamanda, is hayat\u0131na d\u00f6n\u00fc\u015f s\u00fcrecini kolayla\u015ft\u0131racak \u00f6neriler sunarak, bireylerin bu d\u00f6nemde kendilerine kar\u015f\u0131 daha anlay\u0131\u015fl\u0131 ve bilin\u00e7li bir yakla\u015f\u0131m geli\u015ftirmelerine destek olmay\u0131 hedeflemektedir.<\/p>\n\n\n\n<h2 class=\"wp-block-heading\">Hastal\u0131k Te\u015fhisi ve \u0130s Hayat\u0131ndan Uzakla\u015fma<\/h2>\n\n\n\n<p>Hastal\u0131k te\u015fhisi almak, bireyin hayat\u0131nda k\u00f6kl\u00fc de\u011fi\u015fikliklere yol a\u00e7an zorlay\u0131c\u0131 bir s\u00fcre\u00e7tir. \u00d6zellikle i\u015f hayat\u0131n\u0131n bir par\u00e7as\u0131 olan bireyler i\u00e7in bu durum, sadece fiziksel de\u011fil, ayn\u0131 zamanda psikolojik ve duygusal olarak da b\u00fcy\u00fck bir sars\u0131nt\u0131 yarat\u0131r. \u0130\u015ften uzak kalman\u0131n getirdi\u011fi belirsizlik, \u00fcretken olamama hissi ve ekonomik kayg\u0131lar, ki\u015finin bu s\u00fcreci daha da zorlay\u0131c\u0131 hale getirebilir. \u0130lk a\u015famada, hastal\u0131\u011f\u0131n kabul edilmesi ve bunun bir s\u00fcre\u00e7 oldu\u011funu anlamak \u00f6nemlidir. Bu noktada, bireyin kendisine kar\u015f\u0131 sab\u0131rl\u0131 olmas\u0131, kendini su\u00e7lamaktan ka\u00e7\u0131nmas\u0131 ve iyile\u015fme s\u00fcrecine odaklanmas\u0131 gereklidir.<\/p>\n\n\n\n<h2 class=\"wp-block-heading\">\u0130\u015fe Ara Vermenin Psikolojik Etkileri<\/h2>\n\n\n\n<p>\u0130\u015f hayat\u0131, bireyin kimli\u011fi ve toplumsal rollerinden biri oldu\u011fu i\u00e7in, i\u015ften uzak kalmak, aidiyet duygusunu zedeleyebilir. \u00dcretkenlikten uzak kalma, kendini yetersiz hissetme gibi duygular, ki\u015finin ruh sa\u011fl\u0131\u011f\u0131n\u0131 olumsuz etkileyebilir. Bunun yan\u0131 s\u0131ra, uzun s\u00fcreli bir hastal\u0131k s\u00fcrecinde sosyal izolasyon da s\u0131k kar\u015f\u0131la\u015f\u0131lan bir durumdur. \u0130\u015f arkada\u015flar\u0131yla olan ileti\u015fimin azalmas\u0131, yaln\u0131zl\u0131k hissini art\u0131rabilir. Bu s\u00fcre\u00e7te bireylerin kendilerini izole etmek yerine, sosyal destek mekanizmalar\u0131n\u0131 kullanmalar\u0131 ve \u00e7evreleriyle ileti\u015fimde kalmalar\u0131 \u00f6nemlidir.<\/p>\n\n\n\n<h2 class=\"wp-block-heading\">Bu S\u00fcreci Daha Kolay Atlatman\u0131n Yollar\u0131<\/h2>\n\n\n\n<ul class=\"wp-block-list\">\n<li>Kendi \u0130htiya\u00e7lar\u0131n\u0131 Anlamak: Hastal\u0131k s\u00fcrecinde en \u00f6nemli nokta, bireyin fiziksel ve psikolojik ihtiya\u00e7lar\u0131n\u0131 anlamas\u0131d\u0131r. Dinlenme ihtiyac\u0131n\u0131 g\u00f6z ard\u0131 etmemek, kendini zorlamamak ve k\u00fc\u00e7\u00fck ad\u0131mlarla ilerlemek s\u00fcreci kolayla\u015ft\u0131rabilir.<\/li>\n\n\n\n<li>Duygusal Dayan\u0131kl\u0131l\u0131\u011f\u0131 Art\u0131rmak: Bu d\u00f6nemde mindfulness, nefes egzersizleri ve rahatlama teknikleri gibi y\u00f6ntemler kullan\u0131larak stresin y\u00f6netilmesi m\u00fcmk\u00fcnd\u00fcr. Ayr\u0131ca, destek gruplar\u0131na kat\u0131lmak ve benzer s\u00fcre\u00e7lerden ge\u00e7en bireylerle deneyim payla\u015f\u0131m\u0131nda bulunmak, ki\u015finin yaln\u0131z olmad\u0131\u011f\u0131n\u0131 hissetmesine yard\u0131mc\u0131 olabilir.<\/li>\n\n\n\n<li>Profesyonel Destek Almak: Psikolojik destek almak, s\u00fcreci daha sa\u011fl\u0131kl\u0131 y\u00f6netmeye yard\u0131mc\u0131 olabilir. Psikolog, terapist ya da dan\u0131\u015fman deste\u011fi, bireyin duygular\u0131n\u0131 daha iyi anlamas\u0131na ve ba\u015fa \u00e7\u0131kma mekanizmalar\u0131n\u0131 g\u00fc\u00e7lendirmesine katk\u0131 sa\u011flayabilir.<br><\/li>\n<\/ul>\n\n\n\n<h2 class=\"wp-block-heading\">Is Hayat\u0131na D\u00f6n\u00fc\u015f S\u00fcreci<\/h2>\n\n\n\n<p>\u0130\u015f hayat\u0131na geri d\u00f6nmek, birey i\u00e7in hem heyecan verici hem de kayg\u0131 verici olabilir. Uzun bir aradan sonra ise ba\u015flamak, adaptasyon s\u00fcrecini gerektirir.<\/p>\n\n\n\n<ul class=\"wp-block-list\">\n<li><strong>\u00d6n Haz\u0131rl\u0131k:<\/strong> \u0130\u015fe d\u00f6nmeden \u00f6nce, bireyin kendi ihtiya\u00e7lar\u0131n\u0131 ve beklentilerini belirlemesi \u00f6nemlidir. Hastal\u0131k sonras\u0131 enerjisini ve dayan\u0131kl\u0131l\u0131\u011f\u0131n\u0131 de\u011ferlendirmek, s\u00fcrecin daha sa\u011fl\u0131kl\u0131 ilerlemesine yard\u0131mc\u0131 olur.<\/li>\n\n\n\n<li><strong>K\u00fc\u00e7\u00fck Ad\u0131mlarla Ba\u015flamak:<\/strong> M\u00fcmk\u00fcnse esnek \u00e7al\u0131\u015fma saatleri ya da uzaktan \u00e7al\u0131\u015fma gibi se\u00e7enekleri de\u011ferlendirmek, i\u015fe d\u00f6n\u00fc\u015f s\u00fcrecini kolayla\u015ft\u0131rabilir.<\/li>\n\n\n\n<li><strong>A\u00e7\u0131k \u0130leti\u015fim:<\/strong> \u0130\u015f arkada\u015flar\u0131 ve y\u00f6neticilerle s\u00fcreci payla\u015fmak, destek al\u0131nmas\u0131n\u0131 kolayla\u015ft\u0131r\u0131r. A\u00e7\u0131k ve samimi bir ileti\u015fim, hem bireyin hem de i\u015f yerinin s\u00fcreci daha sa\u011fl\u0131kl\u0131 y\u00f6netmesine yard\u0131mc\u0131 olur.<\/li>\n<\/ul>\n\n\n\n<h2 class=\"wp-block-heading\">\u0130\u015fverenlerin ve Kurumlar\u0131n Rol\u00fc<\/h2>\n\n\n\n<p>Hastal\u0131k s\u00fcrecinde \u00e7al\u0131\u015fanlar\u0131n\u0131 destekleyen i\u015fverenler, sadece bireylerin iyile\u015fme s\u00fcrecine katk\u0131 sa\u011flamakla kalmaz, ayn\u0131 zamanda kurumsal ba\u011fl\u0131l\u0131\u011f\u0131 ve \u00e7al\u0131\u015fan memnuniyetini de art\u0131r\u0131r. \u0130\u015fverenlerin bu s\u00fcre\u00e7te dikkat etmesi gereken baz\u0131 temel noktalar \u015funlard\u0131r:<\/p>\n\n\n\n<ul class=\"wp-block-list\">\n<li><strong>Esnek \u00c7al\u0131\u015fma Modelleri:<\/strong> \u00c7al\u0131\u015fan\u0131n hastal\u0131k sonras\u0131 s\u00fcrecine uyum sa\u011flayabilmesi i\u00e7in uzaktan \u00e7al\u0131\u015fma, kademeli i\u015fe d\u00f6n\u00fc\u015f ve esnek \u00e7al\u0131\u015fma saatleri gibi se\u00e7enekler sunulabilir.<\/li>\n\n\n\n<li><strong>Psikolojik Destek Programlar\u0131:<\/strong> Kurumlar, \u00e7al\u0131\u015fanlar\u0131na y\u00f6nelik psikolojik destek, dan\u0131\u015fmanl\u0131k hizmetleri ve rehberlik programlar\u0131 sunarak bu s\u00fcreci daha y\u00f6netilebilir hale getirebilir.<\/li>\n\n\n\n<li><strong>A\u00e7\u0131k ve Destekleyici \u0130leti\u015fim:<\/strong> Y\u00f6neticiler ve insan kaynaklar\u0131 departmanlar\u0131, \u00e7al\u0131\u015fanlar\u0131n i\u015fe d\u00f6n\u00fc\u015f s\u00fcrecinde anlay\u0131\u015fl\u0131 ve destekleyici bir ileti\u015fim tarz\u0131 benimsemelidir. \u00c7al\u0131\u015fanlar\u0131n kendilerini rahat\u00e7a ifade edebilece\u011fi bir ortam yarat\u0131lmal\u0131d\u0131r.<\/li>\n\n\n\n<li><strong>\u00c7al\u0131\u015fma Ko\u015fullar\u0131n\u0131n Uyarlanmas\u0131:<\/strong> Hastal\u0131ktan d\u00f6nen \u00e7al\u0131\u015fanlar\u0131n i\u015f y\u00fck\u00fc kademeli olarak art\u0131r\u0131lmal\u0131 ve fiziksel ya da psikolojik gereksinimleri g\u00f6z \u00f6n\u00fcnde bulundurularak gerekli d\u00fczenlemeler yap\u0131lmal\u0131d\u0131r.<\/li>\n\n\n\n<li><strong>E\u011fitim ve Fark\u0131ndal\u0131k Programlar\u0131:<\/strong> \u0130\u015f yerlerinde, hastal\u0131k sonras\u0131 i\u015fe d\u00f6n\u00fc\u015f s\u00fcre\u00e7leriyle ilgili e\u011fitimler d\u00fczenlenerek hem \u00e7al\u0131\u015fanlar hem de y\u00f6neticiler bu konuda bilin\u00e7lendirilebilir.<br><\/li>\n<\/ul>\n\n\n\n<p><\/p>\n\n\n\n<p><\/p>\n\n\n\n<p>\u0130\u015f hayat\u0131, bireyin kimli\u011finin \u00f6nemli bir par\u00e7as\u0131d\u0131r.<\/p>\n\n\n\n<p> Ancak sa\u011fl\u0131k, her \u015feyden \u00f6nce gelir. <\/p>\n\n\n\n<p>Hastal\u0131k s\u00fcrecinde bireyin kendine \u015fefkat g\u00f6stermesi, psikolojik olarak g\u00fc\u00e7l\u00fc kalmas\u0131 ve i\u015fe d\u00f6n\u00fc\u015f s\u00fcrecinde destek mekanizmalar\u0131ndan faydalanmas\u0131, s\u00fcreci daha sa\u011fl\u0131kl\u0131 ve y\u00f6netilebilir hale getirecektir.<\/p>\n\n\n\n<p><\/p>","protected":false},"excerpt":{"rendered":"<p>Hastal\u0131k S\u00fcreci ve \u0130\u015f Hayat\u0131na D\u00f6n\u00fc\u015f: Bireysel ve Kurumsal Perspektifler Is hayati, bireyin kimli\u011finin ve g\u00fcnl\u00fck rutinlerinin ayr\u0131lmaz bir par\u00e7as\u0131d\u0131r. Ancak beklenmedik bir hastal\u0131k, bu d\u00fczeni aniden kesintiye u\u011fratabilir. Fiziksel &hellip; <\/p>","protected":false},"author":1,"featured_media":14085,"comment_status":"open","ping_status":"open","sticky":false,"template":"","format":"standard","meta":{"footnotes":""},"categories":[48],"tags":[],"class_list":["post-14084","post","type-post","status-publish","format-standard","has-post-thumbnail","hentry","category-icerikler"],"_links":{"self":[{"href":"https:\/\/worknhuman.com\/en\/wp-json\/wp\/v2\/posts\/14084","targetHints":{"allow":["GET"]}}],"collection":[{"href":"https:\/\/worknhuman.com\/en\/wp-json\/wp\/v2\/posts"}],"about":[{"href":"https:\/\/worknhuman.com\/en\/wp-json\/wp\/v2\/types\/post"}],"author":[{"embeddable":true,"href":"https:\/\/worknhuman.com\/en\/wp-json\/wp\/v2\/users\/1"}],"replies":[{"embeddable":true,"href":"https:\/\/worknhuman.com\/en\/wp-json\/wp\/v2\/comments?post=14084"}],"version-history":[{"count":6,"href":"https:\/\/worknhuman.com\/en\/wp-json\/wp\/v2\/posts\/14084\/revisions"}],"predecessor-version":[{"id":14093,"href":"https:\/\/worknhuman.com\/en\/wp-json\/wp\/v2\/posts\/14084\/revisions\/14093"}],"wp:featuredmedia":[{"embeddable":true,"href":"https:\/\/worknhuman.com\/en\/wp-json\/wp\/v2\/media\/14085"}],"wp:attachment":[{"href":"https:\/\/worknhuman.com\/en\/wp-json\/wp\/v2\/media?parent=14084"}],"wp:term":[{"taxonomy":"category","embeddable":true,"href":"https:\/\/worknhuman.com\/en\/wp-json\/wp\/v2\/categories?post=14084"},{"taxonomy":"post_tag","embeddable":true,"href":"https:\/\/worknhuman.com\/en\/wp-json\/wp\/v2\/tags?post=14084"}],"curies":[{"name":"wp","href":"https:\/\/api.w.org\/{rel}","templated":true}]}}